{"id":290,"date":"2024-02-15T08:15:00","date_gmt":"2024-02-15T08:15:00","guid":{"rendered":"https:\/\/www.viadelbosque.com\/blog\/?p=290"},"modified":"2024-04-05T15:28:15","modified_gmt":"2024-04-05T15:28:15","slug":"separacion-de-ambientes","status":"publish","type":"post","link":"https:\/\/www.viadelbosque.com\/blog\/tendencias\/separacion-de-ambientes\/","title":{"rendered":"Separaci\u00f3n de ambientes: descubre c\u00f3mo lograrlo"},"content":{"rendered":"\n<h1 class=\"wp-block-heading\">Separaci\u00f3n de ambientes: descubre c\u00f3mo lograrlo<\/h1>\n\n\n\n<p>En el \u00e1mbito residencial y comercial, la optimizaci\u00f3n de espacios es esencial para aprovechar al m\u00e1ximo cada rinc\u00f3n. Por ejemplo, con la <strong>separaci\u00f3n de ambientes <\/strong>puedes mejorar la funcionalidad con un dise\u00f1o estilizado que defina la personalidad del espacio. Las estrategias como el uso de paneles divisorios, muebles multifuncionales y elementos decorativos tambi\u00e9n son clave.<\/p>\n\n\n\n<p>En este art\u00edculo te contaremos c\u00f3mo optimizar tus espacios con t\u00e9cnicas de <a href=\"https:\/\/www.viadelbosque.com\/blog\/tendencias\/interiorismo\/\">interiorismo <\/a>para que aproveches al m\u00e1ximo tu casa o tu local comercial. \u00a1Toma nota!<\/p>\n\n\n\n<h2 class=\"wp-block-heading\">Importancia de los espacios y separaci\u00f3n de ambientes<\/h2>\n\n\n\n<p>El espacio juega un papel crucial en las relaciones, ya sea generando conflictos o fortaleciendo v\u00ednculos. Para garantizar el bienestar en el <a href=\"https:\/\/www.elledecor.com\/es\/decoracion\/a23609013\/consejos-casa-calida-hogar\/\" target=\"_blank\" rel=\"noreferrer noopener\">hogar<\/a>, es esencial establecer una definici\u00f3n clara y llegar a un consenso sobre c\u00f3mo utilizar cada \u00e1rea. Por ejemplo, es importante establecer los espacios personales y los espacios compartidos.<\/p>\n\n\n\n<p>El espacio tambi\u00e9n es muy importante en el \u00e1mbito comercial. Al igual que en el hogar, en lugares corporativos la disposici\u00f3n de los espacios diferencia las \u00e1reas personales y compartidas. Tambi\u00e9n influye en c\u00f3mo el personal percibe y se comporta en cada una de estas zonas.<\/p>\n\n\n\n<h2 class=\"wp-block-heading\">\u00bfC\u00f3mo lograr una correcta separaci\u00f3n de ambientes?<\/h2>\n\n\n\n<p>Para delimitar espacios, la <strong>separaci\u00f3n de ambientes<\/strong> de indispensable. Y es algo que no solo se logra con bloques. A continuaci\u00f3n, algunos elementos y accesorios que te permitir\u00e1n lograrlo:<\/p>\n\n\n\n<h3 class=\"wp-block-heading\">Utiliza estantes<\/h3>\n\n\n\n<p>Optar por estanter\u00edas o librer\u00edas de dimensiones considerables puede ser una excelente alternativa para separar ambientes<strong>.<\/strong> Estas, adem\u00e1s, desempe\u00f1an una funci\u00f3n pr\u00e1ctica de almacenamiento, contribuyendo al mantenimiento del orden en el hogar o negocio.<\/p>\n\n\n\n<p>Como sugerencia adicional, te recomendamos seleccionar muebles que no alcancen la altura total hasta el techo. De esta manera, permitir\u00e1s que la circulaci\u00f3n de la <a href=\"https:\/\/www.diarioestrategia.cl\/texto-diario\/mostrar\/3232778\/beneficios-buena-iluminacion-hogar\" target=\"_blank\" rel=\"noreferrer noopener\">luz<\/a> no se vea completamente obstruida. Si se busca integrar la estanter\u00eda como divisor de espacios, se recomienda optar por un modelo del mismo color de las paredes.<\/p>\n\n\n\n<h3 class=\"wp-block-heading\">Aprovecha tu sof\u00e1 para la <strong>separaci\u00f3n de espacios<\/strong><\/h3>\n\n\n\n<p>En espacios grandes y amplios, los sof\u00e1s pueden desempe\u00f1ar la funci\u00f3n de separar ambientes. Sirven como elementos divisorios para definir la zona de estar. Para lograr este efecto, te recomendamos no ubicarlos junto a la pared, sino en el centro de la sala.<\/p>\n\n\n\n<p>Otro tip efectivo para resaltar esta distribuci\u00f3n es incorporar alfombras que contribuyan a definir cada secci\u00f3n.<\/p>\n\n\n\n<h3 class=\"wp-block-heading\">Diles s\u00ed a las puertas deslizantes<\/h3>\n\n\n\n<p>Un ingenioso recurso que no solo ayuda a resolver el problema de la falta de espacio, sino que tambi\u00e9n resulta muy pr\u00e1ctico para la separaci\u00f3nes la instalaci\u00f3n de puertas deslizantes.<\/p>\n\n\n\n<p>Te sirvir\u00e1n para cerrar una secci\u00f3n del sal\u00f3n, por ejemplo. Tambi\u00e9n si buscas disponer de un espacio amplio y sin obst\u00e1culos, puedes abrir las puertas completamente, cerr\u00e1ndolas en caso de necesitar separar las dos zonas. Estas puertas deslizantes funcionan como muros m\u00f3viles, permitiendo abrir y conectar ambas \u00e1reas seg\u00fan sea necesario.<\/p>\n\n\n\n<h2 class=\"wp-block-heading\">Espacios c\u00f3modos y est\u00e9ticos<\/h2>\n\n\n\n<p>La <strong>separaci\u00f3n de ambientes<\/strong> es uno de los aspectos m\u00e1s importantes del <a href=\"https:\/\/www.viadelbosque.com\/blog\/tendencias\/diseno-arquitectonico\/\">dise\u00f1o arquitect\u00f3nico<\/a>. Recuerda que la selecci\u00f3n de elementos de dise\u00f1o contribuye a la formaci\u00f3n de ambientes que no solo satisfacen requerimientos pr\u00e1cticos, sino que tambi\u00e9n expresan una identidad distintiva y atractiva.<\/p>\n\n\n\n<h4 class=\"wp-block-heading\"><strong>Referencias Bibliogr\u00e1ficas<\/strong><\/h4>\n\n\n\n<ul class=\"wp-block-list\">\n<li>El Pa\u00eds. (2023). El reparto de los espacios en casa. C\u00f3mo el territorio influye en la convivencia<\/li>\n\n\n\n<li>Hola. (2021). Ideas que funcionan para separar ambientes en casa sin hacer obras<\/li>\n\n\n\n<li>Toulouse Lautrec. (2022). Conoce 6 elementos que debes tener en cuenta&nbsp;al dise\u00f1ar un espacio corporativo<\/li>\n<\/ul>\n","protected":false},"excerpt":{"rendered":"<p>Descubre c\u00f3mo la separaci\u00f3n de ambientes influye en las relaciones de tu hogar o negocio y aprende c\u00f3mo optimizar tus espacios.<\/p>\n","protected":false},"author":1,"featured_media":367,"comment_status":"open","ping_status":"open","sticky":false,"template":"","format":"standard","meta":{"footnotes":""},"categories":[4],"tags":[],"class_list":["post-290","post","type-post","status-publish","format-standard","has-post-thumbnail","hentry","category-tendencias"],"yoast_head":"<!-- This site is optimized with the Yoast SEO plugin v21.8 - https:\/\/yoast.com\/wordpress\/plugins\/seo\/ -->\n<title>Separaci\u00f3n de ambientes: optimiza tus espacios | V\u00eda del Bosque<\/title>\n<meta name=\"description\" content=\"Descubre c\u00f3mo la separaci\u00f3n de ambientes influye en las relaciones de tu hogar o negocio y aprende c\u00f3mo optimizar tus espacios.\" \/>\n<meta name=\"robots\" content=\"index, follow, max-snippet:-1, max-image-preview:large, max-video-preview:-1\" \/>\n<link rel=\"canonical\" href=\"https:\/\/www.viadelbosque.com\/blog\/tendencias\/separacion-de-ambientes\/\" \/>\n<meta property=\"og:locale\" content=\"es_MX\" \/>\n<meta property=\"og:type\" content=\"article\" \/>\n<meta property=\"og:title\" content=\"Separaci\u00f3n de ambientes: optimiza tus espacios | V\u00eda del Bosque\" \/>\n<meta property=\"og:description\" content=\"Descubre c\u00f3mo la separaci\u00f3n de ambientes influye en las relaciones de tu hogar o negocio y aprende c\u00f3mo optimizar tus espacios.\" \/>\n<meta property=\"og:url\" content=\"https:\/\/www.viadelbosque.com\/blog\/tendencias\/separacion-de-ambientes\/\" \/>\n<meta property=\"og:site_name\" content=\"V\u00eda Del Bosque\" \/>\n<meta property=\"article:publisher\" content=\"https:\/\/www.facebook.com\/ViaDelBosqueResidencial\/\" \/>\n<meta property=\"article:published_time\" content=\"2024-02-15T08:15:00+00:00\" \/>\n<meta property=\"article:modified_time\" content=\"2024-04-05T15:28:15+00:00\" \/>\n<meta property=\"og:image\" content=\"https:\/\/www.viadelbosque.com\/blog\/wp-content\/uploads\/2024\/02\/separacion-de-ambientes-1.webp\" \/>\n\t<meta property=\"og:image:width\" content=\"1000\" \/>\n\t<meta property=\"og:image:height\" content=\"500\" \/>\n\t<meta property=\"og:image:type\" content=\"image\/webp\" \/>\n<meta name=\"author\" content=\"viadelbosque_u1\" \/>\n<meta name=\"twitter:card\" content=\"summary_large_image\" \/>\n<meta name=\"twitter:title\" content=\"Separaci\u00f3n de ambientes: optimiza tus espacios | V\u00eda del Bosque\" \/>\n<meta name=\"twitter:description\" content=\"Descubre c\u00f3mo la separaci\u00f3n de ambientes influye en las relaciones de tu hogar o negocio y aprende c\u00f3mo optimizar tus espacios.\" \/>\n<meta name=\"twitter:label1\" content=\"Escrito por\" \/>\n\t<meta name=\"twitter:data1\" content=\"viadelbosque_u1\" \/>\n\t<meta name=\"twitter:label2\" content=\"Tiempo de lectura\" \/>\n\t<meta name=\"twitter:data2\" content=\"3 minutos\" \/>\n<script type=\"application\/ld+json\" class=\"yoast-schema-graph\">{\"@context\":\"https:\/\/schema.org\",\"@graph\":[{\"@type\":\"ScholarlyArticle\",\"@id\":\"https:\/\/www.viadelbosque.com\/blog\/tendencias\/separacion-de-ambientes\/#article\",\"isPartOf\":{\"@id\":\"https:\/\/www.viadelbosque.com\/blog\/tendencias\/separacion-de-ambientes\/\"},\"author\":{\"name\":\"viadelbosque_u1\",\"@id\":\"https:\/\/www.viadelbosque.com\/blog\/#\/schema\/person\/5cd5f1f0c3a0b159dcd7fa5d4c9cb7ec\"},\"headline\":\"Separaci\u00f3n de ambientes: descubre c\u00f3mo lograrlo\",\"datePublished\":\"2024-02-15T08:15:00+00:00\",\"dateModified\":\"2024-04-05T15:28:15+00:00\",\"mainEntityOfPage\":{\"@id\":\"https:\/\/www.viadelbosque.com\/blog\/tendencias\/separacion-de-ambientes\/\"},\"wordCount\":638,\"commentCount\":0,\"publisher\":{\"@id\":\"https:\/\/www.viadelbosque.com\/blog\/#organization\"},\"articleSection\":[\"Tendencias\"],\"inLanguage\":\"es\",\"potentialAction\":[{\"@type\":\"CommentAction\",\"name\":\"Comment\",\"target\":[\"https:\/\/www.viadelbosque.com\/blog\/tendencias\/separacion-de-ambientes\/#respond\"]}]},{\"@type\":[\"WebPage\",\"ItemPage\"],\"@id\":\"https:\/\/www.viadelbosque.com\/blog\/tendencias\/separacion-de-ambientes\/\",\"url\":\"https:\/\/www.viadelbosque.com\/blog\/tendencias\/separacion-de-ambientes\/\",\"name\":\"Separaci\u00f3n de ambientes: optimiza tus espacios | V\u00eda del Bosque\",\"isPartOf\":{\"@id\":\"https:\/\/www.viadelbosque.com\/blog\/#website\"},\"datePublished\":\"2024-02-15T08:15:00+00:00\",\"dateModified\":\"2024-04-05T15:28:15+00:00\",\"description\":\"Descubre c\u00f3mo la separaci\u00f3n de ambientes influye en las relaciones de tu hogar o negocio y aprende c\u00f3mo optimizar tus espacios.\",\"breadcrumb\":{\"@id\":\"https:\/\/www.viadelbosque.com\/blog\/tendencias\/separacion-de-ambientes\/#breadcrumb\"},\"inLanguage\":\"es\",\"potentialAction\":[{\"@type\":\"ReadAction\",\"target\":[\"https:\/\/www.viadelbosque.com\/blog\/tendencias\/separacion-de-ambientes\/\"]}]},{\"@type\":\"BreadcrumbList\",\"@id\":\"https:\/\/www.viadelbosque.com\/blog\/tendencias\/separacion-de-ambientes\/#breadcrumb\",\"itemListElement\":[{\"@type\":\"ListItem\",\"position\":1,\"name\":\"Inicio\",\"item\":\"https:\/\/www.viadelbosque.com\/blog\/\"},{\"@type\":\"ListItem\",\"position\":2,\"name\":\"Separaci\u00f3n de ambientes: descubre c\u00f3mo lograrlo\"}]},{\"@type\":\"WebSite\",\"@id\":\"https:\/\/www.viadelbosque.com\/blog\/#website\",\"url\":\"https:\/\/www.viadelbosque.com\/blog\/\",\"name\":\"V\u00eda Del Bosque\",\"description\":\"\",\"publisher\":{\"@id\":\"https:\/\/www.viadelbosque.com\/blog\/#organization\"},\"potentialAction\":[{\"@type\":\"SearchAction\",\"target\":{\"@type\":\"EntryPoint\",\"urlTemplate\":\"https:\/\/www.viadelbosque.com\/blog\/?s={search_term_string}\"},\"query-input\":\"required name=search_term_string\"}],\"inLanguage\":\"es\"},{\"@type\":\"Organization\",\"@id\":\"https:\/\/www.viadelbosque.com\/blog\/#organization\",\"name\":\"V\u00eda Del Bosque\",\"url\":\"https:\/\/www.viadelbosque.com\/blog\/\",\"logo\":{\"@type\":\"ImageObject\",\"inLanguage\":\"es\",\"@id\":\"https:\/\/www.viadelbosque.com\/blog\/#\/schema\/logo\/image\/\",\"url\":\"https:\/\/www.viadelbosque.com\/blog\/wp-content\/uploads\/2023\/07\/VDB_Logo_2000x2000px.png\",\"contentUrl\":\"https:\/\/www.viadelbosque.com\/blog\/wp-content\/uploads\/2023\/07\/VDB_Logo_2000x2000px.png\",\"width\":2000,\"height\":766,\"caption\":\"V\u00eda Del Bosque\"},\"image\":{\"@id\":\"https:\/\/www.viadelbosque.com\/blog\/#\/schema\/logo\/image\/\"},\"sameAs\":[\"https:\/\/www.facebook.com\/ViaDelBosqueResidencial\/\",\"https:\/\/www.instagram.com\/ViaDelBosqueResidencial\/\"]},{\"@type\":\"Person\",\"@id\":\"https:\/\/www.viadelbosque.com\/blog\/#\/schema\/person\/5cd5f1f0c3a0b159dcd7fa5d4c9cb7ec\",\"name\":\"viadelbosque_u1\",\"image\":{\"@type\":\"ImageObject\",\"inLanguage\":\"es\",\"@id\":\"https:\/\/www.viadelbosque.com\/blog\/#\/schema\/person\/image\/\",\"url\":\"https:\/\/secure.gravatar.com\/avatar\/ff4e21b42915d881d33b685d6b27d3c6f8c8f82c9a4601da1059ca80d57fe6aa?s=96&d=mm&r=g\",\"contentUrl\":\"https:\/\/secure.gravatar.com\/avatar\/ff4e21b42915d881d33b685d6b27d3c6f8c8f82c9a4601da1059ca80d57fe6aa?s=96&d=mm&r=g\",\"caption\":\"viadelbosque_u1\"},\"sameAs\":[\"https:\/\/www.viadelbosque.com\/blog\"],\"url\":\"https:\/\/www.viadelbosque.com\/blog\/author\/viadelbosque_u1\/\"}]}<\/script>\n<!-- \/ Yoast SEO plugin. -->","yoast_head_json":{"title":"Separaci\u00f3n de ambientes: optimiza tus espacios | V\u00eda del Bosque","description":"Descubre c\u00f3mo la separaci\u00f3n de ambientes influye en las relaciones de tu hogar o negocio y aprende c\u00f3mo optimizar tus espacios.","robots":{"index":"index","follow":"follow","max-snippet":"max-snippet:-1","max-image-preview":"max-image-preview:large","max-video-preview":"max-video-preview:-1"},"canonical":"https:\/\/www.viadelbosque.com\/blog\/tendencias\/separacion-de-ambientes\/","og_locale":"es_MX","og_type":"article","og_title":"Separaci\u00f3n de ambientes: optimiza tus espacios | V\u00eda del Bosque","og_description":"Descubre c\u00f3mo la separaci\u00f3n de ambientes influye en las relaciones de tu hogar o negocio y aprende c\u00f3mo optimizar tus espacios.","og_url":"https:\/\/www.viadelbosque.com\/blog\/tendencias\/separacion-de-ambientes\/","og_site_name":"V\u00eda Del Bosque","article_publisher":"https:\/\/www.facebook.com\/ViaDelBosqueResidencial\/","article_published_time":"2024-02-15T08:15:00+00:00","article_modified_time":"2024-04-05T15:28:15+00:00","og_image":[{"width":1000,"height":500,"url":"https:\/\/www.viadelbosque.com\/blog\/wp-content\/uploads\/2024\/02\/separacion-de-ambientes-1.webp","type":"image\/webp"}],"author":"viadelbosque_u1","twitter_card":"summary_large_image","twitter_title":"Separaci\u00f3n de ambientes: optimiza tus espacios | V\u00eda del Bosque","twitter_description":"Descubre c\u00f3mo la separaci\u00f3n de ambientes influye en las relaciones de tu hogar o negocio y aprende c\u00f3mo optimizar tus espacios.","twitter_misc":{"Escrito por":"viadelbosque_u1","Tiempo de lectura":"3 minutos"},"schema":{"@context":"https:\/\/schema.org","@graph":[{"@type":"ScholarlyArticle","@id":"https:\/\/www.viadelbosque.com\/blog\/tendencias\/separacion-de-ambientes\/#article","isPartOf":{"@id":"https:\/\/www.viadelbosque.com\/blog\/tendencias\/separacion-de-ambientes\/"},"author":{"name":"viadelbosque_u1","@id":"https:\/\/www.viadelbosque.com\/blog\/#\/schema\/person\/5cd5f1f0c3a0b159dcd7fa5d4c9cb7ec"},"headline":"Separaci\u00f3n de ambientes: descubre c\u00f3mo lograrlo","datePublished":"2024-02-15T08:15:00+00:00","dateModified":"2024-04-05T15:28:15+00:00","mainEntityOfPage":{"@id":"https:\/\/www.viadelbosque.com\/blog\/tendencias\/separacion-de-ambientes\/"},"wordCount":638,"commentCount":0,"publisher":{"@id":"https:\/\/www.viadelbosque.com\/blog\/#organization"},"articleSection":["Tendencias"],"inLanguage":"es","potentialAction":[{"@type":"CommentAction","name":"Comment","target":["https:\/\/www.viadelbosque.com\/blog\/tendencias\/separacion-de-ambientes\/#respond"]}]},{"@type":["WebPage","ItemPage"],"@id":"https:\/\/www.viadelbosque.com\/blog\/tendencias\/separacion-de-ambientes\/","url":"https:\/\/www.viadelbosque.com\/blog\/tendencias\/separacion-de-ambientes\/","name":"Separaci\u00f3n de ambientes: optimiza tus espacios | V\u00eda del Bosque","isPartOf":{"@id":"https:\/\/www.viadelbosque.com\/blog\/#website"},"datePublished":"2024-02-15T08:15:00+00:00","dateModified":"2024-04-05T15:28:15+00:00","description":"Descubre c\u00f3mo la separaci\u00f3n de ambientes influye en las relaciones de tu hogar o negocio y aprende c\u00f3mo optimizar tus espacios.","breadcrumb":{"@id":"https:\/\/www.viadelbosque.com\/blog\/tendencias\/separacion-de-ambientes\/#breadcrumb"},"inLanguage":"es","potentialAction":[{"@type":"ReadAction","target":["https:\/\/www.viadelbosque.com\/blog\/tendencias\/separacion-de-ambientes\/"]}]},{"@type":"BreadcrumbList","@id":"https:\/\/www.viadelbosque.com\/blog\/tendencias\/separacion-de-ambientes\/#breadcrumb","itemListElement":[{"@type":"ListItem","position":1,"name":"Inicio","item":"https:\/\/www.viadelbosque.com\/blog\/"},{"@type":"ListItem","position":2,"name":"Separaci\u00f3n de ambientes: descubre c\u00f3mo lograrlo"}]},{"@type":"WebSite","@id":"https:\/\/www.viadelbosque.com\/blog\/#website","url":"https:\/\/www.viadelbosque.com\/blog\/","name":"V\u00eda Del Bosque","description":"","publisher":{"@id":"https:\/\/www.viadelbosque.com\/blog\/#organization"},"potentialAction":[{"@type":"SearchAction","target":{"@type":"EntryPoint","urlTemplate":"https:\/\/www.viadelbosque.com\/blog\/?s={search_term_string}"},"query-input":"required name=search_term_string"}],"inLanguage":"es"},{"@type":"Organization","@id":"https:\/\/www.viadelbosque.com\/blog\/#organization","name":"V\u00eda Del Bosque","url":"https:\/\/www.viadelbosque.com\/blog\/","logo":{"@type":"ImageObject","inLanguage":"es","@id":"https:\/\/www.viadelbosque.com\/blog\/#\/schema\/logo\/image\/","url":"https:\/\/www.viadelbosque.com\/blog\/wp-content\/uploads\/2023\/07\/VDB_Logo_2000x2000px.png","contentUrl":"https:\/\/www.viadelbosque.com\/blog\/wp-content\/uploads\/2023\/07\/VDB_Logo_2000x2000px.png","width":2000,"height":766,"caption":"V\u00eda Del Bosque"},"image":{"@id":"https:\/\/www.viadelbosque.com\/blog\/#\/schema\/logo\/image\/"},"sameAs":["https:\/\/www.facebook.com\/ViaDelBosqueResidencial\/","https:\/\/www.instagram.com\/ViaDelBosqueResidencial\/"]},{"@type":"Person","@id":"https:\/\/www.viadelbosque.com\/blog\/#\/schema\/person\/5cd5f1f0c3a0b159dcd7fa5d4c9cb7ec","name":"viadelbosque_u1","image":{"@type":"ImageObject","inLanguage":"es","@id":"https:\/\/www.viadelbosque.com\/blog\/#\/schema\/person\/image\/","url":"https:\/\/secure.gravatar.com\/avatar\/ff4e21b42915d881d33b685d6b27d3c6f8c8f82c9a4601da1059ca80d57fe6aa?s=96&d=mm&r=g","contentUrl":"https:\/\/secure.gravatar.com\/avatar\/ff4e21b42915d881d33b685d6b27d3c6f8c8f82c9a4601da1059ca80d57fe6aa?s=96&d=mm&r=g","caption":"viadelbosque_u1"},"sameAs":["https:\/\/www.viadelbosque.com\/blog"],"url":"https:\/\/www.viadelbosque.com\/blog\/author\/viadelbosque_u1\/"}]}},"_links":{"self":[{"href":"https:\/\/www.viadelbosque.com\/blog\/wp-json\/wp\/v2\/posts\/290","targetHints":{"allow":["GET"]}}],"collection":[{"href":"https:\/\/www.viadelbosque.com\/blog\/wp-json\/wp\/v2\/posts"}],"about":[{"href":"https:\/\/www.viadelbosque.com\/blog\/wp-json\/wp\/v2\/types\/post"}],"author":[{"embeddable":true,"href":"https:\/\/www.viadelbosque.com\/blog\/wp-json\/wp\/v2\/users\/1"}],"replies":[{"embeddable":true,"href":"https:\/\/www.viadelbosque.com\/blog\/wp-json\/wp\/v2\/comments?post=290"}],"version-history":[{"count":2,"href":"https:\/\/www.viadelbosque.com\/blog\/wp-json\/wp\/v2\/posts\/290\/revisions"}],"predecessor-version":[{"id":292,"href":"https:\/\/www.viadelbosque.com\/blog\/wp-json\/wp\/v2\/posts\/290\/revisions\/292"}],"wp:featuredmedia":[{"embeddable":true,"href":"https:\/\/www.viadelbosque.com\/blog\/wp-json\/wp\/v2\/media\/367"}],"wp:attachment":[{"href":"https:\/\/www.viadelbosque.com\/blog\/wp-json\/wp\/v2\/media?parent=290"}],"wp:term":[{"taxonomy":"category","embeddable":true,"href":"https:\/\/www.viadelbosque.com\/blog\/wp-json\/wp\/v2\/categories?post=290"},{"taxonomy":"post_tag","embeddable":true,"href":"https:\/\/www.viadelbosque.com\/blog\/wp-json\/wp\/v2\/tags?post=290"}],"curies":[{"name":"wp","href":"https:\/\/api.w.org\/{rel}","templated":true}]}}